{"id":244229,"date":"2022-07-14T08:00:00","date_gmt":"2022-07-14T11:00:00","guid":{"rendered":"https:\/\/www.mercadonarede.com.br\/?p=244229"},"modified":"2022-07-05T14:34:45","modified_gmt":"2022-07-05T17:34:45","slug":"mercado-automotivo-tendencias-2022","status":"publish","type":"post","link":"https:\/\/www.mercadonarede.com.br\/blog\/mercado-automotivo-tendencias-2022","title":{"rendered":"Mercado automotivo: 4 tend\u00eancias que est\u00e3o em alta em 2022"},"content":{"rendered":"\n<p>O mercado automotivo passou por uma profunda reconfigura\u00e7\u00e3o em decorr\u00eancia da pandemia de Covid-19.<\/p>\n\n\n\n<p>O distanciamento social provocou a interrup\u00e7\u00e3o de v\u00e1rias atividades econ\u00f4micas em todo o mundo, inclusive do setor automotivo.<\/p>\n\n\n\n<p>F\u00e1bricas e montadoras tiveram que conceder f\u00e9rias coletivas para os funcion\u00e1rios, provocando a redu\u00e7\u00e3o dr\u00e1stica e n\u00e3o planejada na produ\u00e7\u00e3o automobil\u00edstica.<\/p>\n\n\n\n<p>Al\u00e9m disso, a ind\u00fastria automotiva sofreu com a escassez de semicondutores, pe\u00e7as e componentes, consequ\u00eancia da desacelera\u00e7\u00e3o da economia mundial e aumento do d\u00f3lar.<\/p>\n\n\n\n<p>Todo esse cen\u00e1rio comprometeu o pleno desempenho da cadeia automotiva, elevando o custo de produ\u00e7\u00e3o e, consequentemente, o pre\u00e7o final.<\/p>\n\n\n\n<p>Dessa forma, houve uma vertiginosa queda na oferta de ve\u00edculos 0 Km para o mercado, surgindo longas listas de espera com compradores.<\/p>\n\n\n\n<p>Entretanto, existe luz no fim do t\u00fanel.<\/p>\n\n\n\n<p>O mercado automotivo d\u00e1 sinais de transforma\u00e7\u00e3o e projeta um futuro com novos desafios e oportunidades de neg\u00f3cios.<\/p>\n\n\n\n<p>Quer descobrir as 4 principais tend\u00eancias para o setor automotivo em 2022?<\/p>\n\n\n\n<p>Ent\u00e3o, continue a leitura deste artigo para saber mais.<\/p>\n\n\n\n<h2 class=\"wp-block-heading\">Como est\u00e1 o mercado automotivo em 2022?<\/h2>\n\n\n\n<p>O momento, certamente, n\u00e3o \u00e9 de pisar no freio, mas, sim, de reestrutura\u00e7\u00e3o, planejamento e investimento, principalmente, em tecnologia.<\/p>\n\n\n\n<p>A Associa\u00e7\u00e3o Nacional dos Fabricantes de Ve\u00edculos Automotores (Anfavea) projeta um crescimento para o setor de 8,5% em rela\u00e7\u00e3o a 2021.<\/p>\n\n\n\n<p>Dessa forma, s\u00e3o esperados a comercializa\u00e7\u00e3o nacional de 2,3 milh\u00f5es de unidades, entre autom\u00f3veis, comerciais leves, caminh\u00f5es e \u00f4nibus.<\/p>\n\n\n\n<p>Para impulsionar a capacidade produtiva do pa\u00eds de 5 milh\u00f5es de ve\u00edculos por ano e, tamb\u00e9m, o crescimento do setor, desde 1\u00ba maio houve uma redu\u00e7\u00e3o de 35% sobre o <a href=\"https:\/\/agenciabrasil.ebc.com.br\/economia\/noticia\/2022-04\/governo-amplia-reducao-do-ipi-para-35-partir-de-maio\" target=\"_blank\" rel=\"noopener\">IPI<\/a>.<\/p>\n\n\n\n<p>Al\u00e9m disso, no final de 2021, as montadoras instaladas no Brasil fizeram investimentos que somam R$ 20,9 bilh\u00f5es, projetando um futuro com mais oportunidades em 2022 e 2023.<\/p>\n\n\n\n<p>S\u00f3 a montadora chinesa Great Wall investiu cerca de R$ 10 bilh\u00f5es para a produ\u00e7\u00e3o no Brasil de um SUV h\u00edbrido que roda 200 Km sem consumir combust\u00edvel.<\/p>\n\n\n\n<p>Listamos abaixo 4 fortes tend\u00eancias para o mercado automotivo em 2022 que valem a pena a leitura. Continue com a gente.<\/p>\n\n\n\n<h3 class=\"wp-block-heading\">Tend\u00eancias que est\u00e3o em alta:<\/h3>\n\n\n\n<ol class=\"wp-block-list\"><li><strong>Investimento em tecnologia\u00a0\u00a0<\/strong><\/li><\/ol>\n\n\n\n<p>O investimento em tecnologia \u00e9 o componente fundamental para as empresas se adaptarem \u00e0s novas necessidades do mercado automotivo.<\/p>\n\n\n\n<p>De olho na quest\u00e3o da sustentabilidade e nas exig\u00eancias do novo perfil de consumidor, a ind\u00fastria automotiva tem apostado no desenvolvimento de ve\u00edculos el\u00e9tricos e em mais conectividade.<\/p>\n\n\n\n<p>Segundo a <a href=\"https:\/\/www.abve.org.br\/mais-de-30-mil-eletrificados-em-21-bev-triplicam\/\" target=\"_blank\" rel=\"noopener\">Associa\u00e7\u00e3o Brasileira do Ve\u00edculo El\u00e9trico (ABVE)<\/a>, s\u00f3 em 2021 o Brasil ultrapassou a marca de 30 mil eletrificados.<\/p>\n\n\n\n<p>A proje\u00e7\u00e3o para 2022 \u00e9 alcan\u00e7ar a marca de 100 mil ve\u00edculos el\u00e9tricos circulando no pa\u00eds, entre leves e pesados.<\/p>\n\n\n\n<p>A preocupa\u00e7\u00e3o global com as emiss\u00f5es de gases poluentes e a adequa\u00e7\u00e3o \u00e0s <a href=\"https:\/\/agenciabrasil.ebc.com.br\/radioagencia-nacional\/meio-ambiente\/audio\/2022-01\/novos-carros-partir-de-2022-vao-ter-que-reduzir-emissao-de-poluentes\" target=\"_blank\" rel=\"noopener\">novas legisla\u00e7\u00f5es ambientais<\/a>, tornam essa produ\u00e7\u00e3o uma forte tend\u00eancia para o mercado automotivo brasileiro.<\/p>\n\n\n\n<p>Al\u00e9m disso, o crescente e constante investimento em tecnologia tem transformado a din\u00e2mica comercial, principalmente, a forma de comprar dos consumidores.<\/p>\n\n\n\n<p>Plataformas digitais especializadas na compra e venda de autom\u00f3veis j\u00e1 n\u00e3o s\u00e3o mais uma novidade.<\/p>\n\n\n\n<p>Com elas, o cliente acessa todas as informa\u00e7\u00f5es do ve\u00edculo com mais transpar\u00eancia e conta com a digitaliza\u00e7\u00e3o de todo processo de negocia\u00e7\u00e3o.<\/p>\n\n\n\n<p>Os e-commerces automotivos s\u00e3o uma tend\u00eancia que veio para ficar, tornando o processo de compra mais din\u00e2mico, c\u00e9lere e independente.<\/p>\n\n\n\n<p>O investimento em tecnologia tamb\u00e9m tem estimulado a moderniza\u00e7\u00e3o e automa\u00e7\u00e3o completa das linhas de produ\u00e7\u00e3o e montagem.<\/p>\n\n\n\n<p>Al\u00e9m disso, assegura o desenvolvimento de ve\u00edculos mais inteligentes e eficientes.<\/p>\n\n\n\n<p>Ou seja, o que vemos \u00e9 um mercado automotivo em constante transforma\u00e7\u00e3o em busca de novas oportunidades de neg\u00f3cios.<\/p>\n\n\n\n<ol class=\"wp-block-list\" start=\"2\"><li><strong>Mercado de seminovos e usados<\/strong><\/li><\/ol>\n\n\n\n<p>Devido \u00e0 repress\u00e3o da oferta de ve\u00edculos novos, o mercado de seminovos e usados comercializou mais de 15 milh\u00f5es de unidades em 2021, um crescimento de 17,8%.<\/p>\n\n\n\n<p>O d\u00f3lar elevado torna o processo de importa\u00e7\u00e3o de pe\u00e7as e insumos mais caro e, consequentemente, contribui para o aumento do pre\u00e7o final do 0 km para o consumidor.<\/p>\n\n\n\n<p>De acordo com a Anfavea, ainda n\u00e3o h\u00e1 previs\u00e3o de redu\u00e7\u00e3o nos pre\u00e7os.<\/p>\n\n\n\n<p>Al\u00e9m disso, muitas empresas encerraram o processo de produ\u00e7\u00e3o automotiva no Brasil, como a Ford, por exemplo, diminuindo a oferta de ve\u00edculos mais populares.<\/p>\n\n\n\n<p>Ou seja, tudo isso coloca o mercado automotivo de seminovos e usados em evid\u00eancia e com proje\u00e7\u00e3o cont\u00ednua de crescimento em 2022.<\/p>\n\n\n\n<ol class=\"wp-block-list\" start=\"3\"><li><strong>Aumento de pre\u00e7os<\/strong><\/li><\/ol>\n\n\n\n<p>O aumento da <a href=\"https:\/\/www.bcb.gov.br\/controleinflacao\/historicotaxasjuros\" target=\"_blank\" rel=\"noopener\">taxa de juros<\/a>, da infla\u00e7\u00e3o e do d\u00f3lar impactam em toda a cadeia econ\u00f4mica nacional, principalmente, na aquisi\u00e7\u00e3o de bens.<\/p>\n\n\n\n<p>Desequil\u00edbrio na demanda e oferta de semicondutores, instabilidade econ\u00f4mica e maior custo para aquisi\u00e7\u00e3o de insumos contribuem, sobretudo, para o aumento de pre\u00e7os no mercado automotivo.<\/p>\n\n\n\n<p>Al\u00e9m disso, os ve\u00edculos zero quil\u00f4metro est\u00e3o mais tecnol\u00f3gicos, com modelos mais digitais e com alta conectividade.<\/p>\n\n\n\n<p>As proje\u00e7\u00f5es Anfavea apontam para uma produ\u00e7\u00e3o de 2,46 milh\u00f5es de ve\u00edculos em 2022.<\/p>\n\n\n\n<p>Ou seja, um t\u00edmido crescimento de apenas 9,4% em rela\u00e7\u00e3o ao ano anterior.<\/p>\n\n\n\n<ol class=\"wp-block-list\" start=\"4\"><li><strong>Falta de insumos<\/strong><\/li><\/ol>\n\n\n\n<p>De acordo com Luiz Carlos Moraes, presidente da Anfavea, o mercado automotivo ainda ir\u00e1 enfrentar escassez de insumos e falta de semicondutores em 2022.<\/p>\n\n\n\n<p>Al\u00e9m disso, dificuldades log\u00edsticas e entraves em decorr\u00eancia da crise econ\u00f4mica nacional tamb\u00e9m ser\u00e3o sentidos nos pr\u00f3ximos trimestres deste ano.<\/p>\n\n\n\n<h4 class=\"wp-block-heading\">Mercado na Rede: a melhor plataforma para comercializa\u00e7\u00e3o de pe\u00e7as linha pesada online<\/h4>\n\n\n\n<p>O <a href=\"https:\/\/www.mercadonarede.com.br\/\">Mercado na Rede<\/a> \u00e9 a melhor e mais completa plataforma especializada na compra e venda de autope\u00e7as e suprimentos para o transporte urbano e rodovi\u00e1rio brasileiro.<\/p>\n\n\n\n<p>Com mais de 22 anos no mercado, investimentos em automa\u00e7\u00e3o de processos, por meio de alta tecnologia, para oferecer a voc\u00ea uma experi\u00eancia facilitada e assertiva na hora de comprar.<\/p>\n\n\n\n<p>Atualmente, nossa <a href=\"https:\/\/autopecas.mercadonarede.com.br\/agilize\">rede colaborativa<\/a> conta com a parceria e confian\u00e7a de mais de 6 mil fornecedores e 1900 compradores.<\/p>\n\n\n\n<p>Nossa solu\u00e7\u00e3o digital otimiza toda a sua jornada de compra, permite que voc\u00ea realize cota\u00e7\u00f5es com diversos fornecedores e, ainda, acompanhe todas as tratativas em tempo real.<\/p>\n\n\n\n<p>Al\u00e9m disso, com o nosso suporte online especializado, ajudamos voc\u00ea em qualquer etapa de compra, mitigando erros de pedido e otimizando o seu tempo.<\/p>\n\n\n\n<p>\u00c9 mais transpar\u00eancia, seguran\u00e7a, praticidade e efici\u00eancia na hora de comprar autope\u00e7as.<\/p>\n\n\n\n<p>Conhe\u00e7a os <a href=\"https:\/\/www.mercadonarede.com.br\/blog\/sistema-de-compra-e-venda-de-autopecas-online\">benef\u00edcios de um sistema de compra e venda de autope\u00e7as online<\/a> para a sua empresa.<\/p>\n\n\n\n<p>Acompanhe tamb\u00e9m as nossas atualiza\u00e7\u00f5es pelo <a href=\"https:\/\/www.facebook.com\/MercadoRede\/\" target=\"_blank\" rel=\"noopener\">Facebook <\/a>e <a href=\"https:\/\/www.instagram.com\/mercadonarede\/\" target=\"_blank\" rel=\"noopener\">Instagram<\/a>.<\/p>\n","protected":false},"excerpt":{"rendered":"<p>O mercado automotivo passou por uma profunda reconfigura\u00e7\u00e3o em decorr\u00eancia da pandemia de Covid-19. O distanciamento social provocou a interrup\u00e7\u00e3o de v\u00e1rias atividades econ\u00f4micas em todo o mundo, inclusive do setor automotivo. F\u00e1bricas e montadoras tiveram que conceder f\u00e9rias coletivas para os funcion\u00e1rios, provocando a redu\u00e7\u00e3o dr\u00e1stica e n\u00e3o planejada na produ\u00e7\u00e3o automobil\u00edstica. Al\u00e9m disso, [&hellip;]<\/p>\n","protected":false},"author":3,"featured_media":244230,"comment_status":"open","ping_status":"open","sticky":false,"template":"","format":"standard","meta":{"_et_pb_use_builder":"off","_et_pb_old_content":"","_et_gb_content_width":"","footnotes":""},"categories":[17,11],"tags":[],"class_list":["post-244229","post","type-post","status-publish","format-standard","has-post-thumbnail","hentry","category-mercado-automotivo","category-empreededorismo"],"_links":{"self":[{"href":"https:\/\/www.mercadonarede.com.br\/json\/wp\/v2\/posts\/244229","targetHints":{"allow":["GET"]}}],"collection":[{"href":"https:\/\/www.mercadonarede.com.br\/json\/wp\/v2\/posts"}],"about":[{"href":"https:\/\/www.mercadonarede.com.br\/json\/wp\/v2\/types\/post"}],"author":[{"embeddable":true,"href":"https:\/\/www.mercadonarede.com.br\/json\/wp\/v2\/users\/3"}],"replies":[{"embeddable":true,"href":"https:\/\/www.mercadonarede.com.br\/json\/wp\/v2\/comments?post=244229"}],"version-history":[{"count":1,"href":"https:\/\/www.mercadonarede.com.br\/json\/wp\/v2\/posts\/244229\/revisions"}],"predecessor-version":[{"id":244231,"href":"https:\/\/www.mercadonarede.com.br\/json\/wp\/v2\/posts\/244229\/revisions\/244231"}],"wp:featuredmedia":[{"embeddable":true,"href":"https:\/\/www.mercadonarede.com.br\/json\/wp\/v2\/media\/244230"}],"wp:attachment":[{"href":"https:\/\/www.mercadonarede.com.br\/json\/wp\/v2\/media?parent=244229"}],"wp:term":[{"taxonomy":"category","embeddable":true,"href":"https:\/\/www.mercadonarede.com.br\/json\/wp\/v2\/categories?post=244229"},{"taxonomy":"post_tag","embeddable":true,"href":"https:\/\/www.mercadonarede.com.br\/json\/wp\/v2\/tags?post=244229"}],"curies":[{"name":"wp","href":"https:\/\/api.w.org\/{rel}","templated":true}]}}